{"id":22286,"date":"2019-03-09T10:46:57","date_gmt":"2019-03-09T15:46:57","guid":{"rendered":"https:\/\/www.amaporte.ca\/?p=22286"},"modified":"2019-03-10T06:50:22","modified_gmt":"2019-03-10T11:50:22","slug":"une-alimentation-saine-ou-une-alimentation-a-la-mode","status":"publish","type":"post","link":"https:\/\/www.amaporte.ca\/?p=22286","title":{"rendered":"Une alimentation saine ou une alimentation \u00e0 la mode?"},"content":{"rendered":"\t\t<div data-elementor-type=\"wp-post\" data-elementor-id=\"22286\" class=\"elementor elementor-22286 elementor-bc-flex-widget\" data-elementor-post-type=\"post\">\n\t\t\t\t\t\t<section class=\"elementor-section elementor-top-section elementor-element elementor-element-76eed38 elementor-section-boxed elementor-section-height-default elementor-section-height-default\" data-id=\"76eed38\" data-element_type=\"section\">\n\t\t\t\t\t\t<div class=\"elementor-container elementor-column-gap-default\">\n\t\t\t\t\t<div class=\"elementor-column elementor-col-100 elementor-top-column elementor-element elementor-element-1947f99\" data-id=\"1947f99\" data-element_type=\"column\">\n\t\t\t<div class=\"elementor-widget-wrap elementor-element-populated\">\n\t\t\t\t\t\t<div class=\"elementor-element elementor-element-955f631 elementor-widget elementor-widget-image\" data-id=\"955f631\" data-element_type=\"widget\" data-widget_type=\"image.default\">\n\t\t\t\t<div class=\"elementor-widget-container\">\n\t\t\t\t\t\t\t\t\t\t\t\t\t\t\t<img fetchpriority=\"high\" decoding=\"async\" width=\"620\" height=\"329\" src=\"https:\/\/www.amaporte.ca\/wp-content\/uploads\/2019\/03\/Heathy-food-1.jpg\" class=\"attachment-large size-large wp-image-22308\" alt=\"alimentation\" srcset=\"https:\/\/www.amaporte.ca\/wp-content\/uploads\/2019\/03\/Heathy-food-1.jpg 620w, https:\/\/www.amaporte.ca\/wp-content\/uploads\/2019\/03\/Heathy-food-1-500x265.jpg 500w\" sizes=\"(max-width: 620px) 100vw, 620px\" \/>\t\t\t\t\t\t\t\t\t\t\t\t\t\t\t<\/div>\n\t\t\t\t<\/div>\n\t\t\t\t<div class=\"elementor-element elementor-element-7ba3522 elementor-widget elementor-widget-heading\" data-id=\"7ba3522\" data-element_type=\"widget\" data-widget_type=\"heading.default\">\n\t\t\t\t<div class=\"elementor-widget-container\">\n\t\t\t\t\t<h1 class=\"elementor-heading-title elementor-size-default\">Quel type d'alimentation choisir?<\/h1>\t\t\t\t<\/div>\n\t\t\t\t<\/div>\n\t\t\t\t<div class=\"elementor-element elementor-element-2b4fad6 elementor-widget elementor-widget-text-editor\" data-id=\"2b4fad6\" data-element_type=\"widget\" data-widget_type=\"text-editor.default\">\n\t\t\t\t<div class=\"elementor-widget-container\">\n\t\t\t\t\t\t\t\t\t<p>Dans l&#8217;alimentation, il a des modes, des \u00e9coles de pens\u00e9es, les r\u00e9gimes \u00e0 la mode, un souci pour l&#8217;environnement et bien s\u00fbr, les go\u00fbts personnels. Des choix, en veux-tu, en v&#8217;l\u00e0! L&#8217;approche que l&#8217;on adopte est soit choisie pour des principes, une perte poids ou tout simplement pour se sentir bien. Je crois sinc\u00e8rement, qu&#8217;\u00e0 la base, le choix devrait \u00eatre fait selon les pr\u00e9f\u00e9rences de chacun avec un objectif sant\u00e9. Il va sans dire que, quelque soit l&#8217;approche choisie, l&#8217;important au bout de la ligne est de se sentir bien. En tout cas, c&#8217;est mon objectif \u00e0 moi.<\/p>\t\t\t\t\t\t\t\t<\/div>\n\t\t\t\t<\/div>\n\t\t\t\t<div class=\"elementor-element elementor-element-fbf02a6 elementor-widget elementor-widget-text-editor\" data-id=\"fbf02a6\" data-element_type=\"widget\" data-widget_type=\"text-editor.default\">\n\t\t\t\t<div class=\"elementor-widget-container\">\n\t\t\t\t\t\t\t\t\t<p>On voit tellement de trucs passer sur Facebook, Instagram, des blogs, dans les nouvelles et on se sent interpell\u00e9 et souvent on ne sait plus o\u00f9 donner de la t\u00eate. Qui a raison? Qui a tort? R\u00e9cemment,<a href=\"https:\/\/www.facebook.com\/LePharmachien\/\" target=\"_blank\" rel=\"noopener\"> Le Pharmacien<\/a> s&#8217;est fait &#8220;ramasser&#8221; parce qu&#8217;il se base sur la science et les adeptes d&#8217;un certain type d&#8217;alimentation l&#8217;ont lynch\u00e9 sur la place publique. Moi, dans ce temps-l\u00e0, je me dis: Est-ce que les gens qui adoptent un certain style d&#8217;alimentation se sentent tellement ins\u00e9cures par rapport \u00e0 leur choix qu&#8217;ils ont besoin d&#8217;injurier quelqu&#8217;un qui partage, il va s&#8217;en dire, ce qu&#8217;il a constat\u00e9 bas\u00e9 sur des faits?<\/p>\t\t\t\t\t\t\t\t<\/div>\n\t\t\t\t<\/div>\n\t\t\t\t<div class=\"elementor-element elementor-element-f065a24 elementor-widget elementor-widget-text-editor\" data-id=\"f065a24\" data-element_type=\"widget\" data-widget_type=\"text-editor.default\">\n\t\t\t\t<div class=\"elementor-widget-container\">\n\t\t\t\t\t\t\t\t\t<p>Entre autre, mon amie <a href=\"https:\/\/www.facebook.com\/defiketo\/\" target=\"_blank\" rel=\"noopener\">P\u00e9n\u00e9lope<\/a> a chang\u00e9 sa vie et a eu des r\u00e9sultats formidables en adoptant l&#8217;alimentation c\u00e9tog\u00e8ne. Mon amie <a href=\"https:\/\/www.youtube.com\/user\/Butterfly3576\/featured\" target=\"_blank\" rel=\"noopener\">Constance<\/a> a enfin trouv\u00e9 sa fa\u00e7on \u00e0 elle, qui est une approche v\u00e9g\u00e9talienne avec peu ou pas de gras. Est-ce que une a plus raison que l&#8217;autre? Heuh&#8230; Non! Elles ont seulement trouv\u00e9 une fa\u00e7on de s&#8217;alimenter qui leur donne l&#8217;\u00e9nergie, la vitalit\u00e9 et le bien-\u00eatre dont elles ont besoin.\u00a0<\/p>\t\t\t\t\t\t\t\t<\/div>\n\t\t\t\t<\/div>\n\t\t\t\t\t<\/div>\n\t\t<\/div>\n\t\t\t\t\t<\/div>\n\t\t<\/section>\n\t\t\t\t<section class=\"elementor-section elementor-top-section elementor-element elementor-element-d5ed2e0 elementor-section-boxed elementor-section-height-default elementor-section-height-default\" data-id=\"d5ed2e0\" data-element_type=\"section\">\n\t\t\t\t\t\t<div class=\"elementor-container elementor-column-gap-default\">\n\t\t\t\t\t<div class=\"elementor-column elementor-col-100 elementor-top-column elementor-element elementor-element-3d06a76\" data-id=\"3d06a76\" data-element_type=\"column\">\n\t\t\t<div class=\"elementor-widget-wrap elementor-element-populated\">\n\t\t\t\t\t\t<div class=\"elementor-element elementor-element-d8cc406 elementor-widget elementor-widget-heading\" data-id=\"d8cc406\" data-element_type=\"widget\" data-widget_type=\"heading.default\">\n\t\t\t\t<div class=\"elementor-widget-container\">\n\t\t\t\t\t<h2 class=\"elementor-heading-title elementor-size-default\">Alors, que dois-je faire?<\/h2>\t\t\t\t<\/div>\n\t\t\t\t<\/div>\n\t\t\t\t<div class=\"elementor-element elementor-element-f5a2138 elementor-widget elementor-widget-text-editor\" data-id=\"f5a2138\" data-element_type=\"widget\" data-widget_type=\"text-editor.default\">\n\t\t\t\t<div class=\"elementor-widget-container\">\n\t\t\t\t\t\t\t\t\t<p>En premier lieu, \u00e9coute ton corps, il te parle constamment. On fait souvent la sourde oreille parce qu&#8217;on s&#8217;est habitu\u00e9 \u00e0 notre inconfort. Aussi simple que \u00e7a. Je me prends en exemple. En mars 2017, j&#8217;ai compl\u00e8tement arr\u00eat\u00e9 les produits laitiers. Pourquoi? \u00c0 tous les matins, apr\u00e8s avoir pris mon caf\u00e9 latt\u00e9, je me sentait mal. Mal comment? Gonfl\u00e9e comme si j&#8217;avais un \u00e9norme melon d&#8217;eau dans le ventre. J&#8217;avais quasiment mal au coeur. Prendre mon latt\u00e9 le matin est un rituel depuis toujours. C&#8217;est mon moment privil\u00e9gi\u00e9 apr\u00e8s mon entra\u00eenement et avoir pris ma douche pour juste relaxer et commencer ma journ\u00e9e. J&#8217;aimais le go\u00fbt de mon caf\u00e9 avec du lait de vache, mais je me sentais tellement mal apr\u00e8s, que \u00e7a ne valait plus la peine. C&#8217;est \u00e0 ce moment-l\u00e0 que j&#8217;ai choisi de ne plus me sentir comme \u00e7a.<\/p>\t\t\t\t\t\t\t\t<\/div>\n\t\t\t\t<\/div>\n\t\t\t\t<div class=\"elementor-element elementor-element-88e5ca6 elementor-widget elementor-widget-heading\" data-id=\"88e5ca6\" data-element_type=\"widget\" data-widget_type=\"heading.default\">\n\t\t\t\t<div class=\"elementor-widget-container\">\n\t\t\t\t\t<h3 class=\"elementor-heading-title elementor-size-default\">Change tes habitudes<\/h3>\t\t\t\t<\/div>\n\t\t\t\t<\/div>\n\t\t\t\t<div class=\"elementor-element elementor-element-c416bdb elementor-widget elementor-widget-text-editor\" data-id=\"c416bdb\" data-element_type=\"widget\" data-widget_type=\"text-editor.default\">\n\t\t\t\t<div class=\"elementor-widget-container\">\n\t\t\t\t\t\t\t\t\t<p>Une habitude, c&#8217;est fort. On le fait sans trop sans rendre compte. On est sur le pilote automatique. Et cette habitude de prendre mon latt\u00e9 \u00e9tait tellement ancr\u00e9e en moi que j&#8217;acceptais par habitude de me sentir mal. \u00c7a n&#8217;a pas toujours \u00e9t\u00e9 comme \u00e7a. Qu&#8217;est-ce qui a chang\u00e9? Je n&#8217;en ai aucune id\u00e9e. Mais je sais qu&#8217;avant de prendre cette d\u00e9cision, nous avons achet\u00e9 pendant des mois, du lait organique dont les vaches n&#8217;\u00e9taient\u00a0 pas bourr\u00e9es d&#8217;antibiotiques. Peut-\u00eatre que c&#8217;\u00e9tait \u00e7a le probl\u00e8me? Semble-t-il que non. Le changement fut difficile, mais l&#8217;inconfort \u00e9tait plus fort. Suite \u00e0 avoir essay\u00e9 \u00e0 peu pr\u00e8s tous les laits v\u00e9g\u00e9taux, j&#8217;en ai conclu que le lait d&#8217;amande \u00e9tait le meilleur. \u00c7a m&#8217;a pris quelques temps \u00e0 m&#8217;habituer au go\u00fbt, mais aujourd&#8217;hui, je ne reviendrais pas au lait de vache. Je n&#8217;aime plus \u00e7a. <span style=\"font-size: 16px;\">Non seulement, je n&#8217;ai plus d&#8217;inconfort, je savoure mon latt\u00e9 \u00e0 tous les matins, je profite de ce moment qui est une douceur quotidienne et je fais maintenant mon lait d&#8217;amande et c&#8217;est encore meilleur!<\/span><\/p>\t\t\t\t\t\t\t\t<\/div>\n\t\t\t\t<\/div>\n\t\t\t\t<div class=\"elementor-element elementor-element-8a17bc4 elementor-widget elementor-widget-text-editor\" data-id=\"8a17bc4\" data-element_type=\"widget\" data-widget_type=\"text-editor.default\">\n\t\t\t\t<div class=\"elementor-widget-container\">\n\t\t\t\t\t\t\t\t\t<p>Donc pour revenir au choix \u00e0 faire, \u00e9couter son corps est une des meilleures fa\u00e7ons pour adopter le style d&#8217;alimentation qui nous convient. Ensuite, \u00c9VITER les aliments transform\u00e9s! Une autre r\u00e8gle tellement, mais tellement simple. Fais-le toi-m\u00eame! \u00c7a co\u00fbte moins cher et tu sais ce qu&#8217;il y dedans. Et savoir ce que l&#8217;on mange est tellement important pour Glenn et moi. Nous essayons autant que possible d&#8217;\u00e9viter de manger des produits chimiques, des agents de conservation, des insecticides. Notre poulet, nos oeufs et la plupart de notre viande\u00a0 proviennent de la <a href=\"https:\/\/www.facebook.com\/fermeavicolebiograin\/\" target=\"_blank\" rel=\"noopener\">Ferme Agricole Bio-Grain<\/a>, nous achetons souvent nos saucisses chez la Charcuterie Frick. On pr\u00e9pare \u00e0 peu pr\u00e8s tous nous-m\u00eames.<\/p>\t\t\t\t\t\t\t\t<\/div>\n\t\t\t\t<\/div>\n\t\t\t\t\t<\/div>\n\t\t<\/div>\n\t\t\t\t\t<\/div>\n\t\t<\/section>\n\t\t\t\t<section class=\"elementor-section elementor-top-section elementor-element elementor-element-63e461b elementor-section-boxed elementor-section-height-default elementor-section-height-default\" data-id=\"63e461b\" data-element_type=\"section\">\n\t\t\t\t\t\t<div class=\"elementor-container elementor-column-gap-default\">\n\t\t\t\t\t<div class=\"elementor-column elementor-col-100 elementor-top-column elementor-element elementor-element-ed20b72\" data-id=\"ed20b72\" data-element_type=\"column\">\n\t\t\t<div class=\"elementor-widget-wrap elementor-element-populated\">\n\t\t\t\t\t\t<div class=\"elementor-element elementor-element-68ffd5c elementor-widget elementor-widget-heading\" data-id=\"68ffd5c\" data-element_type=\"widget\" data-widget_type=\"heading.default\">\n\t\t\t\t<div class=\"elementor-widget-container\">\n\t\t\t\t\t<h3 class=\"elementor-heading-title elementor-size-default\">Comment \u00e9couter son corps<\/h3>\t\t\t\t<\/div>\n\t\t\t\t<\/div>\n\t\t\t\t<div class=\"elementor-element elementor-element-b6ec226 elementor-widget elementor-widget-text-editor\" data-id=\"b6ec226\" data-element_type=\"widget\" data-widget_type=\"text-editor.default\">\n\t\t\t\t<div class=\"elementor-widget-container\">\n\t\t\t\t\t\t\t\t\t<p>\u00c7a va \u00eatre du essai-erreur. Premi\u00e8rement, lorsque tu te sens mal, c&#8217;est suite \u00e0 quoi? \u00c9cris-le. Lorsque le malaise revient \u00e0 r\u00e9p\u00e9tition et que tu as \u00e9crit ce que tu avais mang\u00e9, tu pourras identifier l&#8217;aliment qui te cause de l&#8217;inconfort. Arr\u00eate d&#8217;en manger pendant une semaine et note si \u00e7a fait une diff\u00e9rence. Si oui, bingo! Tu as trouv\u00e9! Si l&#8217;inconfort persiste, r\u00e9vise ta liste. \u00c7a va peut-\u00eatre te prendre quelques semaines, mais \u00e7a va aussi t&#8217;aider \u00e0 te sentir mieux. Et tu identifieras ce qui te convient ou non.\u00a0<\/p>\t\t\t\t\t\t\t\t<\/div>\n\t\t\t\t<\/div>\n\t\t\t\t<div class=\"elementor-element elementor-element-4b2db92 elementor-widget elementor-widget-text-editor\" data-id=\"4b2db92\" data-element_type=\"widget\" data-widget_type=\"text-editor.default\">\n\t\t\t\t<div class=\"elementor-widget-container\">\n\t\t\t\t\t\t\t\t\t<p>\u00c7a fait quelques ann\u00e9es d\u00e9j\u00e0 que je mange peu ou pas de pain pour les m\u00eames raisons que j&#8217;ai arr\u00eat\u00e9 les produits laitiers. Mais, j&#8217;en mangeais quand m\u00eame \u00e0 l&#8217;occasion. Au restaurant, en attendant mon repas ou encore lorsque je faisais de la pizza maison, car je fais ma p\u00e2te. Mais sans plus. J&#8217;avais aussi remarqu\u00e9 que lorsque je mangeais des baguettes du supermarch\u00e9 versus des baguette de chez Premi\u00e8re Moisson, j&#8217;avais un certain inconfort. J&#8217;ai r\u00e9alis\u00e9 que les qualit\u00e9s du pain variaient et que probablement, cela avait \u00e0 voir avec les ingr\u00e9dients utilis\u00e9s.\u00a0<\/p>\t\t\t\t\t\t\t\t<\/div>\n\t\t\t\t<\/div>\n\t\t\t\t<div class=\"elementor-element elementor-element-9f555ec elementor-widget elementor-widget-text-editor\" data-id=\"9f555ec\" data-element_type=\"widget\" data-widget_type=\"text-editor.default\">\n\t\t\t\t<div class=\"elementor-widget-container\">\n\t\t\t\t\t\t\t\t\t<p>Je me reprends en exemple. Toujours en 2017, j&#8217;ai eu l&#8217;opportunit\u00e9 de participer \u00e0 un groupe pour une programme d&#8217;entra\u00eenement avec un plan de nutrition sp\u00e9cifique. Le programme \u00e9tait de 6 semaines. Pendant 6 semaines, je n&#8217;ai pas bu d&#8217;alcool et j&#8217;ai r\u00e9duit de fa\u00e7on consid\u00e9rable ma consommation de glucides. J&#8217;ai \u00e9vit\u00e9 tout ce qui \u00e9tait glucides complexes, soit les produits c\u00e9r\u00e9aliers, le pain, les p\u00e2tes, le riz, le sucre, etc. Je me sentais tellement mieux! Par la suite, j&#8217;ai continu\u00e9 d&#8217;\u00e9viter les glucides complexes. Ce qui m&#8217;a amen\u00e9 \u00e0 faire des recherches sur l&#8217;alimentation LCHF (Low carb, high fat), faible en glucides et \u00e9lev\u00e9e en gras pour ensuite lire sur l&#8217;alimentation c\u00e9tog\u00e8ne.\u00a0<\/p>\t\t\t\t\t\t\t\t<\/div>\n\t\t\t\t<\/div>\n\t\t\t\t<div class=\"elementor-element elementor-element-3512c1c elementor-widget elementor-widget-text-editor\" data-id=\"3512c1c\" data-element_type=\"widget\" data-widget_type=\"text-editor.default\">\n\t\t\t\t<div class=\"elementor-widget-container\">\n\t\t\t\t\t\t\t\t\t<p>J&#8217;ai constat\u00e9 que pour me sentir bien, je n&#8217;avais pas besoin d&#8217;observer l&#8217;alimentation c\u00e9tog\u00e8ne stricte. J&#8217;ai essay\u00e9 et je ne suis pas faite pour cette approche. Mais j&#8217;aime beaucoup le concept et la plupart du temps \u00e7a me convient. Mais j&#8217;aime aussi mon <a href=\"http:\/\/www.shakeology.com\/shk\/ca?locale=fr_CA\" target=\"_blank\" rel=\"noopener\">Shakeology<\/a> que je bois \u00e0 tous les jours et j&#8217;aime mes petits fruits rouges. Et \u00e0 cause de \u00e7a, je d\u00e9passe toujours le nombre de grammes de glucides permis. Je d\u00e9teste la restriction! <span style=\"background-color: #ffffff; font-size: 16px;\">Je mange ce qui me convient et ce qui me permet de me sentir bien.<\/span><\/p><p><span style=\"background-color: #ffffff; font-size: 16px;\">Et c&#8217;est pourquoi je cuisine des recettes &#8220;k\u00e9to&#8221;. Parce que oui, je surveille la quantit\u00e9 de glucides que je consomme et je veux \u00e9viter d&#8217;en manger trop parce que j&#8217;en ressens de l&#8217;inconfort. Je privil\u00e9gie des prot\u00e9ines animales parce que j&#8217;aime \u00e7a. Je mange beaucoup de l\u00e9gumes verts, encore une fois parce que j&#8217;aime \u00e7a. Je privil\u00e9gie les petits fruits rouges et j&#8217;\u00e9vite certains autres fruits. Mon choix. Je mange un demi avocat \u00e0 peu pr\u00e8s \u00e0 tous les jours. Je mange beaucoup de noix, parce que j&#8217;aime \u00e7a.<\/span><\/p>\t\t\t\t\t\t\t\t<\/div>\n\t\t\t\t<\/div>\n\t\t\t\t\t<\/div>\n\t\t<\/div>\n\t\t\t\t\t<\/div>\n\t\t<\/section>\n\t\t\t\t<section class=\"elementor-section elementor-top-section elementor-element elementor-element-1557174 elementor-section-boxed elementor-section-height-default elementor-section-height-default\" data-id=\"1557174\" data-element_type=\"section\">\n\t\t\t\t\t\t<div class=\"elementor-container elementor-column-gap-default\">\n\t\t\t\t\t<div class=\"elementor-column elementor-col-100 elementor-top-column elementor-element elementor-element-a54eda6\" data-id=\"a54eda6\" data-element_type=\"column\">\n\t\t\t<div class=\"elementor-widget-wrap elementor-element-populated\">\n\t\t\t\t\t\t<div class=\"elementor-element elementor-element-22c05d2 elementor-widget elementor-widget-heading\" data-id=\"22c05d2\" data-element_type=\"widget\" data-widget_type=\"heading.default\">\n\t\t\t\t<div class=\"elementor-widget-container\">\n\t\t\t\t\t<h3 class=\"elementor-heading-title elementor-size-default\">Choisis pour ton bien-\u00eatre, pas celui des autres<\/h3>\t\t\t\t<\/div>\n\t\t\t\t<\/div>\n\t\t\t\t\t<\/div>\n\t\t<\/div>\n\t\t\t\t\t<\/div>\n\t\t<\/section>\n\t\t\t\t<section class=\"elementor-section elementor-top-section elementor-element elementor-element-d51ec62 elementor-section-boxed elementor-section-height-default elementor-section-height-default\" data-id=\"d51ec62\" data-element_type=\"section\">\n\t\t\t\t\t\t<div class=\"elementor-container elementor-column-gap-default\">\n\t\t\t\t\t<div class=\"elementor-column elementor-col-100 elementor-top-column elementor-element elementor-element-9e857f5\" data-id=\"9e857f5\" data-element_type=\"column\">\n\t\t\t<div class=\"elementor-widget-wrap elementor-element-populated\">\n\t\t\t\t\t\t<div class=\"elementor-element elementor-element-601a8e5 elementor-widget elementor-widget-text-editor\" data-id=\"601a8e5\" data-element_type=\"widget\" data-widget_type=\"text-editor.default\">\n\t\t\t\t<div class=\"elementor-widget-container\">\n\t\t\t\t\t\t\t\t\t<p>Lorsque quelqu&#8217;un essaie de me convaincre envers et contre tout d&#8217;adapter son approche, cela m&#8217;irrite au plus haut point. J&#8217;ai envie de dire; &#8216;Heye to\u00e9! Veux-tu ben me laisser vivre?&#8221; Poser des questions et s&#8217;informer, c&#8217;est vraiment important. Mais choisis bien tes sources. Il y a tellement d&#8217;ouvrages s\u00e9rieux disponibles, utilises-les. Ta chum qui a eu du succ\u00e8s avec un programme est vraiment inspirante et tu voudrais avoir des r\u00e9sultats semblables, right? Essaie-le, mais informe-toi sur le sujet avant.\u00a0<span style=\"font-size: 16px; background-color: #ffffff;\">Un livre qui m&#8217;a beaucoup\u00a0 inspir\u00e9e: The\u00a0<\/span><a style=\"background-color: #ffffff;\" href=\"https:\/\/www.facebook.com\/groups\/392076654482587\/\" target=\"_blank\" rel=\"noopener\">Keto Diet<\/a><span style=\"font-size: 16px; background-color: #ffffff;\">\u00a0de Leanne Vogel.\u00a0 Elle pr\u00f4ne l&#8217;approche c\u00e9tog\u00e8ne en g\u00e9n\u00e9ral, mais avant tout de se sentir bien dans son corps. Et c&#8217;est mon choix.\u00a0<\/span><\/p>\t\t\t\t\t\t\t\t<\/div>\n\t\t\t\t<\/div>\n\t\t\t\t\t<\/div>\n\t\t<\/div>\n\t\t\t\t\t<\/div>\n\t\t<\/section>\n\t\t\t\t<section class=\"elementor-section elementor-top-section elementor-element elementor-element-8e4d558 elementor-section-boxed elementor-section-height-default elementor-section-height-default\" data-id=\"8e4d558\" data-element_type=\"section\">\n\t\t\t\t\t\t<div class=\"elementor-container elementor-column-gap-default\">\n\t\t\t\t\t<div class=\"elementor-column elementor-col-100 elementor-top-column elementor-element elementor-element-7e7dc5b\" data-id=\"7e7dc5b\" data-element_type=\"column\">\n\t\t\t<div class=\"elementor-widget-wrap elementor-element-populated\">\n\t\t\t\t\t\t<div class=\"elementor-element elementor-element-a231e2a elementor-widget elementor-widget-text-editor\" data-id=\"a231e2a\" data-element_type=\"widget\" data-widget_type=\"text-editor.default\">\n\t\t\t\t<div class=\"elementor-widget-container\">\n\t\t\t\t\t\t\t\t\t<p>Je parlais r\u00e9cemment avec Yolthy et elle me disait: &#8220;Maman, moi, j&#8217;ai vraiment besoin de mes carbs.&#8221; Je suis partie \u00e0 rire et je lui dit: &#8220;Ch\u00e9rie, mange-les tes carbs.&#8221; Moi, je ne mangerais plus jamais de pain, le pain n&#8217;existerait pas et \u00e7a ne changerait absolument rien dans ma vie.\u00a0\u00a0<span style=\"background-color: #ffffff; font-size: 16px;\">Mais pour certains d&#8217;entre nous, ce n&#8217;est pas le cas.\u00a0<\/span><span style=\"font-size: 16px;\">Il y a plusieurs aliments que je ne mange plus et dont je n&#8217;en ai plus envie, dont le riz et les l\u00e9gumineuses. Je n&#8217;ai pas vraiment de m\u00e9rite. Je me suis seulement mise \u00e0 \u00e9coute mon corps.\u00a0 Alors, \u00e9coute ton corps et nourrie-le de fa\u00e7on optimale pour te sentir bien et surtout pour avoir l&#8217;\u00e9nergie et la vitalit\u00e9 pour laquelle il a \u00e9t\u00e9 con\u00e7u. Et quand vient le temps de nourrir ton corps, donne-lui le carburant qui te permettra non seulement d&#8217;avoir du plaisir \u00e0 manger, mais tu permettra de te sentir bien, non pas seulement le temps d&#8217;un repas, mais sur une base quotidienne.<\/span><\/p>\t\t\t\t\t\t\t\t<\/div>\n\t\t\t\t<\/div>\n\t\t\t\t\t<\/div>\n\t\t<\/div>\n\t\t\t\t\t<\/div>\n\t\t<\/section>\n\t\t\t\t<\/div>\n\t\t","protected":false},"excerpt":{"rendered":"<p>Quel type d&#8217;alimentation choisir? Dans l&#8217;alimentation, il a des modes, des \u00e9coles de pens\u00e9es, les r\u00e9gimes \u00e0 la mode, un souci pour l&#8217;environnement et bien s\u00fbr, les go\u00fbts personnels. Des choix, en veux-tu, en v&#8217;l\u00e0! L&#8217;approche que l&#8217;on adopte est soit choisie pour des principes, une perte poids ou tout simplement pour se sentir bien. [&hellip;]&nbsp;<a href=\"https:\/\/www.amaporte.ca\/?p=22286\" class=\"post-read-more\">Read more&#8230;<\/a><\/p>\n","protected":false},"author":2,"featured_media":22308,"comment_status":"open","ping_status":"open","sticky":false,"template":"","format":"standard","meta":{"wprm-recipe-roundup-name":"","wprm-recipe-roundup-description":"","footnotes":""},"categories":[215],"tags":[],"class_list":["post-22286","post","type-post","status-publish","format-standard","has-post-thumbnail","hentry","category-blogue"],"_links":{"self":[{"href":"https:\/\/www.amaporte.ca\/index.php?rest_route=\/wp\/v2\/posts\/22286","targetHints":{"allow":["GET"]}}],"collection":[{"href":"https:\/\/www.amaporte.ca\/index.php?rest_route=\/wp\/v2\/posts"}],"about":[{"href":"https:\/\/www.amaporte.ca\/index.php?rest_route=\/wp\/v2\/types\/post"}],"author":[{"embeddable":true,"href":"https:\/\/www.amaporte.ca\/index.php?rest_route=\/wp\/v2\/users\/2"}],"replies":[{"embeddable":true,"href":"https:\/\/www.amaporte.ca\/index.php?rest_route=%2Fwp%2Fv2%2Fcomments&post=22286"}],"version-history":[{"count":0,"href":"https:\/\/www.amaporte.ca\/index.php?rest_route=\/wp\/v2\/posts\/22286\/revisions"}],"wp:featuredmedia":[{"embeddable":true,"href":"https:\/\/www.amaporte.ca\/index.php?rest_route=\/wp\/v2\/media\/22308"}],"wp:attachment":[{"href":"https:\/\/www.amaporte.ca\/index.php?rest_route=%2Fwp%2Fv2%2Fmedia&parent=22286"}],"wp:term":[{"taxonomy":"category","embeddable":true,"href":"https:\/\/www.amaporte.ca\/index.php?rest_route=%2Fwp%2Fv2%2Fcategories&post=22286"},{"taxonomy":"post_tag","embeddable":true,"href":"https:\/\/www.amaporte.ca\/index.php?rest_route=%2Fwp%2Fv2%2Ftags&post=22286"}],"curies":[{"name":"wp","href":"https:\/\/api.w.org\/{rel}","templated":true}]}}